{"id":483,"date":"2024-07-26T10:08:56","date_gmt":"2024-07-26T10:08:56","guid":{"rendered":"https:\/\/leparcstmaur.org\/?p=483"},"modified":"2024-07-26T10:09:40","modified_gmt":"2024-07-26T10:09:40","slug":"nos-ruches-a-livres","status":"publish","type":"post","link":"https:\/\/leparcstmaur.org\/?p=483","title":{"rendered":"Nos Ruches \u00e0 Livres"},"content":{"rendered":"<p>La Ruche \u00e0 Livres du Parc, con\u00e7ue et fabriqu\u00e9e par les \u00e9l\u00e8ves du lyc\u00e9e Fran\u00e7ois Mansart, \u00e0 Saint-Maur, est une belle aventure (<a href=\"https:\/\/www.facebook.com\/permalink.php?story_fbid=pfbid0BJfiCVmCWBPsbaf6xzqak3rSZKWW2Wvf4S8rRqC3kxeK3VZAYSnXwxZYrd4zWj5Ul&amp;id=168496976501167\">Inauguration de la premi\u00e8re ruche \u00e0 livres<\/a>).&nbsp;&nbsp;<\/p>\n<p><img loading=\"lazy\" decoding=\"async\" class=\"alignnone size-medium wp-image-478\" src=\"https:\/\/leparcstmaur.org\/wp-content\/uploads\/2018\/04\/Ruche-Brossolette-e1721986252278-300x182.jpg\" alt=\"\" width=\"300\" height=\"182\" srcset=\"https:\/\/leparcstmaur.org\/wp-content\/uploads\/2018\/04\/Ruche-Brossolette-e1721986252278-300x182.jpg 300w, https:\/\/leparcstmaur.org\/wp-content\/uploads\/2018\/04\/Ruche-Brossolette-e1721986252278-1024x621.jpg 1024w, https:\/\/leparcstmaur.org\/wp-content\/uploads\/2018\/04\/Ruche-Brossolette-e1721986252278-768x466.jpg 768w, https:\/\/leparcstmaur.org\/wp-content\/uploads\/2018\/04\/Ruche-Brossolette-e1721986252278-1536x932.jpg 1536w, https:\/\/leparcstmaur.org\/wp-content\/uploads\/2018\/04\/Ruche-Brossolette-e1721986252278-577x350.jpg 577w, https:\/\/leparcstmaur.org\/wp-content\/uploads\/2018\/04\/Ruche-Brossolette-e1721986252278.jpg 1863w\" sizes=\"auto, (max-width: 300px) 100vw, 300px\" \/>&nbsp; <img loading=\"lazy\" decoding=\"async\" class=\"alignnone size-medium wp-image-237\" src=\"https:\/\/leparcstmaur.org\/wp-content\/uploads\/2018\/04\/Ruche-300x225.jpg\" alt=\"\" width=\"300\" height=\"225\" srcset=\"https:\/\/leparcstmaur.org\/wp-content\/uploads\/2018\/04\/Ruche-300x225.jpg 300w, https:\/\/leparcstmaur.org\/wp-content\/uploads\/2018\/04\/Ruche-768x576.jpg 768w, https:\/\/leparcstmaur.org\/wp-content\/uploads\/2018\/04\/Ruche-1024x768.jpg 1024w, https:\/\/leparcstmaur.org\/wp-content\/uploads\/2018\/04\/Ruche-467x350.jpg 467w, https:\/\/leparcstmaur.org\/wp-content\/uploads\/2018\/04\/Ruche.jpg 1632w\" sizes=\"auto, (max-width: 300px) 100vw, 300px\" \/>&nbsp; <img loading=\"lazy\" decoding=\"async\" class=\"alignnone size-medium wp-image-477\" src=\"https:\/\/leparcstmaur.org\/wp-content\/uploads\/2018\/04\/Ruche-Tilleuls-225x300.jpg\" alt=\"\" width=\"225\" height=\"300\" srcset=\"https:\/\/leparcstmaur.org\/wp-content\/uploads\/2018\/04\/Ruche-Tilleuls-225x300.jpg 225w, https:\/\/leparcstmaur.org\/wp-content\/uploads\/2018\/04\/Ruche-Tilleuls-768x1024.jpg 768w, https:\/\/leparcstmaur.org\/wp-content\/uploads\/2018\/04\/Ruche-Tilleuls-1152x1536.jpg 1152w, https:\/\/leparcstmaur.org\/wp-content\/uploads\/2018\/04\/Ruche-Tilleuls-263x350.jpg 263w, https:\/\/leparcstmaur.org\/wp-content\/uploads\/2018\/04\/Ruche-Tilleuls.jpg 1536w\" sizes=\"auto, (max-width: 225px) 100vw, 225px\" \/><\/p>\n<p>Trois ruches sont install\u00e9es au centre sportif Brossolette, \u00e0 l&rsquo;\u00e9cole du Rosaire (<a href=\"https:\/\/www.facebook.com\/permalink.php?story_fbid=pfbid0risZq9PEzbVfKkA9gaBtrJLYjD8sqCxmhyTHa4tkud81FqTdBJB4FxqrdVyPDUE8l&amp;id=168496976501167\">Ruche \u00e0 livres de l&rsquo;\u00e9cole du Rosaire<\/a>) et \u00e0 la maternelle des (<a href=\"https:\/\/www.facebook.com\/permalink.php?story_fbid=pfbid02NNbyRKZCBsCJu22Dhf3A8nxDUkBvKXWkPe7SRgKwEa4jcsq4TZj3RjNh5QP76ADtl&amp;id=168496976501167\">Ruche \u00e0 livres de la maternelle Tilleuls<\/a>).<\/p>\n<p>Notre association du Comit\u00e9 de Quartier du Parc de Saint Maur \u00e0 l&rsquo;origine de ce d\u00e9fi cr\u00e9atif est fi\u00e8re de pouvoir ainsi contribuer \u00e0 d\u00e9velopper, chez tous, le go\u00fbt de la lecture.<\/p>\n","protected":false},"excerpt":{"rendered":"<p>La Ruche \u00e0 Livres du Parc, con\u00e7ue et fabriqu\u00e9e par les \u00e9l\u00e8ves du lyc\u00e9e Fran\u00e7ois Mansart, \u00e0 Saint-Maur, est une belle aventure (Inauguration de la premi\u00e8re ruche \u00e0 livres).&nbsp;&nbsp; &nbsp; &nbsp; Trois ruches sont install\u00e9es au centre sportif Brossolette, \u00e0 l&rsquo;\u00e9cole du Rosaire (Ruche \u00e0 livres de l&rsquo;\u00e9cole du Rosaire) &hellip;<\/p>\n","protected":false},"author":1,"featured_media":0,"comment_status":"open","ping_status":"open","sticky":false,"template":"","format":"standard","meta":{"ngg_post_thumbnail":0,"footnotes":""},"categories":[1],"tags":[],"class_list":["post-483","post","type-post","status-publish","format-standard","hentry","category-general"],"_links":{"self":[{"href":"https:\/\/leparcstmaur.org\/index.php?rest_route=\/wp\/v2\/posts\/483","targetHints":{"allow":["GET"]}}],"collection":[{"href":"https:\/\/leparcstmaur.org\/index.php?rest_route=\/wp\/v2\/posts"}],"about":[{"href":"https:\/\/leparcstmaur.org\/index.php?rest_route=\/wp\/v2\/types\/post"}],"author":[{"embeddable":true,"href":"https:\/\/leparcstmaur.org\/index.php?rest_route=\/wp\/v2\/users\/1"}],"replies":[{"embeddable":true,"href":"https:\/\/leparcstmaur.org\/index.php?rest_route=%2Fwp%2Fv2%2Fcomments&post=483"}],"version-history":[{"count":8,"href":"https:\/\/leparcstmaur.org\/index.php?rest_route=\/wp\/v2\/posts\/483\/revisions"}],"predecessor-version":[{"id":492,"href":"https:\/\/leparcstmaur.org\/index.php?rest_route=\/wp\/v2\/posts\/483\/revisions\/492"}],"wp:attachment":[{"href":"https:\/\/leparcstmaur.org\/index.php?rest_route=%2Fwp%2Fv2%2Fmedia&parent=483"}],"wp:term":[{"taxonomy":"category","embeddable":true,"href":"https:\/\/leparcstmaur.org\/index.php?rest_route=%2Fwp%2Fv2%2Fcategories&post=483"},{"taxonomy":"post_tag","embeddable":true,"href":"https:\/\/leparcstmaur.org\/index.php?rest_route=%2Fwp%2Fv2%2Ftags&post=483"}],"curies":[{"name":"wp","href":"https:\/\/api.w.org\/{rel}","templated":true}]}}