{"id":232,"date":"2018-04-15T12:24:29","date_gmt":"2018-04-15T12:24:29","guid":{"rendered":"http:\/\/leparcstmaur.org\/?p=232"},"modified":"2025-03-30T21:23:43","modified_gmt":"2025-03-30T21:23:43","slug":"inauguration-de-la-2eme-ruche-a-livres","status":"publish","type":"post","link":"https:\/\/leparcstmaur.org\/?p=232","title":{"rendered":"Nos Ruches \u00e0 Livres"},"content":{"rendered":"<p style=\"text-align: left;\">La Ruche \u00e0 Livres du Parc, con\u00e7ue et fabriqu\u00e9e par les \u00e9l\u00e8ves du lyc\u00e9e Fran\u00e7ois Mansart, \u00e0 Saint-Maur, est une belle aventure (<a href=\"https:\/\/www.facebook.com\/permalink.php?story_fbid=pfbid0BJfiCVmCWBPsbaf6xzqak3rSZKWW2Wvf4S8rRqC3kxeK3VZAYSnXwxZYrd4zWj5Ul&amp;id=168496976501167\">Inauguration de la premi\u00e8re ruche \u00e0 livres<\/a>).&nbsp;&nbsp;<\/p>\n<p style=\"text-align: left;\">&nbsp;&nbsp;&nbsp;&nbsp;&nbsp;&nbsp;&nbsp;&nbsp;&nbsp; &nbsp;&nbsp; <img loading=\"lazy\" decoding=\"async\" class=\"alignnone size-medium wp-image-478\" src=\"https:\/\/leparcstmaur.org\/wp-content\/uploads\/2018\/04\/Ruche-Brossolette-273x300.jpg\" alt=\"\" width=\"273\" height=\"300\"> &nbsp;&nbsp;&nbsp;&nbsp;&nbsp;&nbsp;&nbsp;&nbsp; <img loading=\"lazy\" decoding=\"async\" class=\"size-medium wp-image-237 alignnone\" src=\"https:\/\/leparcstmaur.org\/wp-content\/uploads\/2018\/04\/Ruche-300x225.jpg\" alt=\"\" width=\"300\" height=\"225\" srcset=\"https:\/\/leparcstmaur.org\/wp-content\/uploads\/2018\/04\/Ruche-300x225.jpg 300w, https:\/\/leparcstmaur.org\/wp-content\/uploads\/2018\/04\/Ruche-768x576.jpg 768w, https:\/\/leparcstmaur.org\/wp-content\/uploads\/2018\/04\/Ruche-1024x768.jpg 1024w, https:\/\/leparcstmaur.org\/wp-content\/uploads\/2018\/04\/Ruche-467x350.jpg 467w, https:\/\/leparcstmaur.org\/wp-content\/uploads\/2018\/04\/Ruche.jpg 1632w\" sizes=\"auto, (max-width: 300px) 100vw, 300px\" \/>&nbsp; &nbsp;&nbsp;<img loading=\"lazy\" decoding=\"async\" class=\"wp-image-477 alignnone\" src=\"https:\/\/leparcstmaur.org\/wp-content\/uploads\/2018\/04\/Ruche-Tilleuls.jpg\" alt=\"\" width=\"239\" height=\"319\" srcset=\"https:\/\/leparcstmaur.org\/wp-content\/uploads\/2018\/04\/Ruche-Tilleuls.jpg 1536w, https:\/\/leparcstmaur.org\/wp-content\/uploads\/2018\/04\/Ruche-Tilleuls-225x300.jpg 225w, https:\/\/leparcstmaur.org\/wp-content\/uploads\/2018\/04\/Ruche-Tilleuls-768x1024.jpg 768w, https:\/\/leparcstmaur.org\/wp-content\/uploads\/2018\/04\/Ruche-Tilleuls-1152x1536.jpg 1152w, https:\/\/leparcstmaur.org\/wp-content\/uploads\/2018\/04\/Ruche-Tilleuls-263x350.jpg 263w\" sizes=\"auto, (max-width: 239px) 100vw, 239px\" \/><\/p>\n<p style=\"text-align: left;\">&nbsp;&nbsp;&nbsp;&nbsp;&nbsp;&nbsp;<br \/>\n&nbsp;<\/p>\n<p>Trois ruches sont install\u00e9es au centre sportif Brossolette, \u00e0 l&rsquo;\u00e9cole du Rosaire (<a href=\"https:\/\/www.facebook.com\/permalink.php?story_fbid=pfbid0risZq9PEzbVfKkA9gaBtrJLYjD8sqCxmhyTHa4tkud81FqTdBJB4FxqrdVyPDUE8l&amp;id=168496976501167\">Ruche \u00e0 livres de l&rsquo;\u00e9cole du Rosaire<\/a>) et \u00e0 la maternelle des (<a href=\"https:\/\/www.facebook.com\/permalink.php?story_fbid=pfbid02NNbyRKZCBsCJu22Dhf3A8nxDUkBvKXWkPe7SRgKwEa4jcsq4TZj3RjNh5QP76ADtl&amp;id=168496976501167\">Ruche \u00e0 livres de la maternelle Tilleuls<\/a>).<\/p>\n<p>Notre association du Comit\u00e9 de Quartier du Parc de Saint Maur \u00e0 l&rsquo;origine de ce d\u00e9fi cr\u00e9atif est fi\u00e8re de pouvoir ainsi contribuer \u00e0 d\u00e9velopper, chez tous, le go\u00fbt de la lecture.<\/p>\n<p>&nbsp;<\/p>\n","protected":false},"excerpt":{"rendered":"<p>La Ruche \u00e0 Livres du Parc, con\u00e7ue et fabriqu\u00e9e par les \u00e9l\u00e8ves du lyc\u00e9e Fran\u00e7ois Mansart, \u00e0 Saint-Maur, est une belle aventure (Inauguration de la premi\u00e8re ruche \u00e0 livres).&nbsp;&nbsp; &nbsp;&nbsp;&nbsp;&nbsp;&nbsp;&nbsp;&nbsp;&nbsp;&nbsp; &nbsp;&nbsp; &nbsp;&nbsp;&nbsp;&nbsp;&nbsp;&nbsp;&nbsp;&nbsp; &nbsp; &nbsp;&nbsp; &nbsp;&nbsp;&nbsp;&nbsp;&nbsp;&nbsp; &nbsp; Trois ruches sont install\u00e9es au centre sportif Brossolette, \u00e0 l&rsquo;\u00e9cole du Rosaire (Ruche \u00e0 &hellip;<\/p>\n","protected":false},"author":1,"featured_media":478,"comment_status":"open","ping_status":"open","sticky":false,"template":"","format":"standard","meta":{"ngg_post_thumbnail":0,"footnotes":""},"categories":[1,14],"tags":[18,16,17,15],"class_list":["post-232","post","type-post","status-publish","format-standard","has-post-thumbnail","hentry","category-general","category-nos-projets","tag-comite-de-quartier","tag-ecole-le-rosaire","tag-le-parc-de-saint-maur","tag-ruche-a-livres"],"_links":{"self":[{"href":"https:\/\/leparcstmaur.org\/index.php?rest_route=\/wp\/v2\/posts\/232","targetHints":{"allow":["GET"]}}],"collection":[{"href":"https:\/\/leparcstmaur.org\/index.php?rest_route=\/wp\/v2\/posts"}],"about":[{"href":"https:\/\/leparcstmaur.org\/index.php?rest_route=\/wp\/v2\/types\/post"}],"author":[{"embeddable":true,"href":"https:\/\/leparcstmaur.org\/index.php?rest_route=\/wp\/v2\/users\/1"}],"replies":[{"embeddable":true,"href":"https:\/\/leparcstmaur.org\/index.php?rest_route=%2Fwp%2Fv2%2Fcomments&post=232"}],"version-history":[{"count":7,"href":"https:\/\/leparcstmaur.org\/index.php?rest_route=\/wp\/v2\/posts\/232\/revisions"}],"predecessor-version":[{"id":510,"href":"https:\/\/leparcstmaur.org\/index.php?rest_route=\/wp\/v2\/posts\/232\/revisions\/510"}],"wp:featuredmedia":[{"embeddable":true,"href":"https:\/\/leparcstmaur.org\/index.php?rest_route=\/wp\/v2\/media\/478"}],"wp:attachment":[{"href":"https:\/\/leparcstmaur.org\/index.php?rest_route=%2Fwp%2Fv2%2Fmedia&parent=232"}],"wp:term":[{"taxonomy":"category","embeddable":true,"href":"https:\/\/leparcstmaur.org\/index.php?rest_route=%2Fwp%2Fv2%2Fcategories&post=232"},{"taxonomy":"post_tag","embeddable":true,"href":"https:\/\/leparcstmaur.org\/index.php?rest_route=%2Fwp%2Fv2%2Ftags&post=232"}],"curies":[{"name":"wp","href":"https:\/\/api.w.org\/{rel}","templated":true}]}}