{"id":184,"date":"2018-03-29T12:12:51","date_gmt":"2018-03-29T12:12:51","guid":{"rendered":"http:\/\/xn--comitdequartierdupar-f2b.apps-1and1.net\/?p=184"},"modified":"2024-07-26T08:49:17","modified_gmt":"2024-07-26T08:49:17","slug":"operation-pelles-a-neige-2018","status":"publish","type":"post","link":"https:\/\/leparcstmaur.org\/?p=184","title":{"rendered":"Op\u00e9ration \u00ab\u00a0Pelles \u00e0 Neige\u00a0\u00bb"},"content":{"rendered":"<p><span style=\"font-size: 12pt;\">Nous esp\u00e9rons atteindre un double objectif \u00e0 travers cette id\u00e9e citoyenne que nous p\u00e9rennisons depuis 2018.<br \/>\n<\/span><\/p>\n<p><span style=\"font-size: 12pt;\">1) Permettre \u00e0 nos adh\u00e9rents citoyens (et au del\u00e0) de s\u2019\u00e9quiper sans se d\u00e9placer et \u00e0 moindre co\u00fbt, en subventionnant 30% du prix de la pelle.<\/span><\/p>\n<div class=\"text_exposed_show\"><span style=\"font-size: 12pt;\">2) Encourager nos adh\u00e9rents solidaires ainsi mieux \u00e9quip\u00e9s, \u00e0 aider leurs voisins emp\u00each\u00e9s ou plus \u00e2g\u00e9s.<\/span><span style=\"font-size: 12pt;\">Pour ce faire, nous subventionnons chaque<\/span><span style=\"font-size: 12pt;\"> ann\u00e9e des pelles, \u00e0 neige. <\/span><span style=\"font-size: 12pt;\">Ensemble nous pouvons rendre nos trottoirs plus praticables et plus s\u00fbrs pour tous, lorsque l&rsquo;hiver et la neige reviendront&#8230;<\/span><span style=\"font-size: 12pt;\">Enfin, nous esp\u00e9rons que cette id\u00e9e un peu&#8230; \u00ab givr\u00e9e \u00bb, fera boule de neige&#8230; <span class=\"_5mfr _47e3\"><img loading=\"lazy\" decoding=\"async\" class=\"img\" role=\"presentation\" src=\"https:\/\/www.facebook.com\/images\/emoji.php\/v9\/f57\/1\/16\/1f609.png\" alt=\"\" width=\"16\" height=\"16\"><\/span><\/span><\/div>\n<p><img loading=\"lazy\" decoding=\"async\" class=\"aligncenter wp-image-189 \" src=\"https:\/\/leparcstmaur.org\/wp-content\/uploads\/2018\/03\/Le-Parisien-270318-666x1024.jpg\" alt=\"\" width=\"648\" height=\"996\" srcset=\"https:\/\/leparcstmaur.org\/wp-content\/uploads\/2018\/03\/Le-Parisien-270318-666x1024.jpg 666w, https:\/\/leparcstmaur.org\/wp-content\/uploads\/2018\/03\/Le-Parisien-270318-195x300.jpg 195w, https:\/\/leparcstmaur.org\/wp-content\/uploads\/2018\/03\/Le-Parisien-270318-768x1180.jpg 768w, https:\/\/leparcstmaur.org\/wp-content\/uploads\/2018\/03\/Le-Parisien-270318-228x350.jpg 228w, https:\/\/leparcstmaur.org\/wp-content\/uploads\/2018\/03\/Le-Parisien-270318.jpg 2013w\" sizes=\"auto, (max-width: 648px) 100vw, 648px\" \/><\/p>\n<p>&nbsp;<\/p>\n<div id=\"fb-root\"><\/div>\n<p><script>(function(d, s, id) {  var js, fjs = d.getElementsByTagName(s)[0];  if (d.getElementById(id)) return;  js = d.createElement(s); js.id = id;  js.src = 'https:\/\/connect.facebook.net\/de_DE\/sdk.js#xfbml=1&version=v2.12';  fjs.parentNode.insertBefore(js, fjs);}(document, 'script', 'facebook-jssdk'));<\/script><\/p>\n<div class=\"fb-video\" data-href=\"https:\/\/www.facebook.com\/VilleSaintMaur\/videos\/1649917771722323\/\" data-width=\"777\">\n<blockquote cite=\"https:\/\/www.facebook.com\/VilleSaintMaur\/videos\/1649917771722323\/\" class=\"fb-xfbml-parse-ignore\"><p><a href=\"https:\/\/www.facebook.com\/VilleSaintMaur\/videos\/1649917771722323\/\">Op\u00e9ration pelles \u00e0 neige par le comit\u00e9 de quartier du Parc de Saint-Maur<\/a><\/p>\n<p>Le Comit\u00e9 de Quartier du Parc de Saint Maur\u200b lance son op\u00e9ration Pelles \u00e0 Neige ! &gt; Le comit\u00e9 de quartier vous aide \u00e0 vous \u00e9quiper, pour r\u00e9pondre \u00e0 l\u2019obligation l\u00e9gale de d\u00e9neiger le trottoir devant chez soi.&gt;&gt; + d&#039;infos sur Comit\u00e9 de Quartier du Parc de Saint Maur<\/p>\n<p>Gepostet von <a href=\"https:\/\/www.facebook.com\/VilleSaintMaur\/\">Ville de Saint Maur des Foss\u00e9s<\/a> am Donnerstag, 22. M\u00e4rz 2018<\/p><\/blockquote>\n<\/div>\n<p>&nbsp;<\/p>\n","protected":false},"excerpt":{"rendered":"<p>Nous esp\u00e9rons atteindre un double objectif \u00e0 travers cette id\u00e9e citoyenne que nous p\u00e9rennisons depuis 2018. 1) Permettre \u00e0 nos adh\u00e9rents citoyens (et au del\u00e0) de s\u2019\u00e9quiper sans se d\u00e9placer et \u00e0 moindre co\u00fbt, en subventionnant 30% du prix de la pelle. 2) Encourager nos adh\u00e9rents solidaires ainsi mieux \u00e9quip\u00e9s, &hellip;<\/p>\n","protected":false},"author":1,"featured_media":194,"comment_status":"open","ping_status":"open","sticky":false,"template":"","format":"standard","meta":{"ngg_post_thumbnail":0,"footnotes":""},"categories":[1],"tags":[12,13,9],"class_list":["post-184","post","type-post","status-publish","format-standard","has-post-thumbnail","hentry","category-general","tag-hiver","tag-pelles-a-neige","tag-saint-maur"],"_links":{"self":[{"href":"https:\/\/leparcstmaur.org\/index.php?rest_route=\/wp\/v2\/posts\/184","targetHints":{"allow":["GET"]}}],"collection":[{"href":"https:\/\/leparcstmaur.org\/index.php?rest_route=\/wp\/v2\/posts"}],"about":[{"href":"https:\/\/leparcstmaur.org\/index.php?rest_route=\/wp\/v2\/types\/post"}],"author":[{"embeddable":true,"href":"https:\/\/leparcstmaur.org\/index.php?rest_route=\/wp\/v2\/users\/1"}],"replies":[{"embeddable":true,"href":"https:\/\/leparcstmaur.org\/index.php?rest_route=%2Fwp%2Fv2%2Fcomments&post=184"}],"version-history":[{"count":7,"href":"https:\/\/leparcstmaur.org\/index.php?rest_route=\/wp\/v2\/posts\/184\/revisions"}],"predecessor-version":[{"id":475,"href":"https:\/\/leparcstmaur.org\/index.php?rest_route=\/wp\/v2\/posts\/184\/revisions\/475"}],"wp:featuredmedia":[{"embeddable":true,"href":"https:\/\/leparcstmaur.org\/index.php?rest_route=\/wp\/v2\/media\/194"}],"wp:attachment":[{"href":"https:\/\/leparcstmaur.org\/index.php?rest_route=%2Fwp%2Fv2%2Fmedia&parent=184"}],"wp:term":[{"taxonomy":"category","embeddable":true,"href":"https:\/\/leparcstmaur.org\/index.php?rest_route=%2Fwp%2Fv2%2Fcategories&post=184"},{"taxonomy":"post_tag","embeddable":true,"href":"https:\/\/leparcstmaur.org\/index.php?rest_route=%2Fwp%2Fv2%2Ftags&post=184"}],"curies":[{"name":"wp","href":"https:\/\/api.w.org\/{rel}","templated":true}]}}